{"id":83,"date":"2023-06-22T06:20:27","date_gmt":"2023-06-22T06:20:27","guid":{"rendered":"https:\/\/azomalli.com\/blog\/?p=83"},"modified":"2023-10-17T07:04:33","modified_gmt":"2023-10-17T07:04:33","slug":"cafarnaum","status":"publish","type":"post","link":"https:\/\/azomalli.com\/blog\/2023\/06\/22\/cafarnaum\/","title":{"rendered":"Cafarna\u00fam"},"content":{"rendered":"\n<p>Recuerdo aquella primera vez que vi la pel\u00edcula&nbsp;\u201cCafarna\u00fam\u201d. En la butaca de la izquierda estaba mi mam\u00e1 y en la de la derecha, mi mejor amiga. Pasaron unos segundos en silencio despu\u00e9s del shock que nos dej\u00f3 el final y pasaron un par de minutos m\u00e1s para voltearnos a ver y descubrir que&nbsp;las tres ten\u00edamos l\u00e1grimas. Y es que como no quedar impactadas cuando durante 120 minutos,&nbsp;Nadine&nbsp;Labaki (guionista y directora de la pel\u00edcula)&nbsp;nos cuenta la historia de Zain, un ni\u00f1o de escasos 11 a\u00f1os que&nbsp;tiene que luchar contra todo para sobrevivir en las calles de Beirut, siendo invisible para su&nbsp;padre y su madre,&nbsp;pero un buen aliado y protector para su hermana.&nbsp;<\/p>\n\n\n<div class=\"wp-block-image\">\n<figure class=\"alignright size-full is-resized\"><img decoding=\"async\" loading=\"lazy\" src=\"https:\/\/azomalli.com\/blog\/wp-content\/uploads\/2023\/06\/silueta_nino-1.png\" alt=\"\" class=\"wp-image-89\" width=\"283\" height=\"424\" srcset=\"https:\/\/azomalli.com\/blog\/wp-content\/uploads\/2023\/06\/silueta_nino-1.png 533w, https:\/\/azomalli.com\/blog\/wp-content\/uploads\/2023\/06\/silueta_nino-1-200x300.png 200w\" sizes=\"(max-width: 283px) 100vw, 283px\" \/><\/figure><\/div>\n\n\n<p>A lo largo de la pel\u00edcula&nbsp;somos&nbsp;testigos&nbsp;de&nbsp;los m\u00faltiples&nbsp;maltratos a los que es sometido&nbsp;Zain, desde negligencia (al no&nbsp;tener cubiertas&nbsp;sus necesidades b\u00e1sicas como alimento, vivienda digna&nbsp;y&nbsp;educaci\u00f3n),&nbsp;el&nbsp;maltrato f\u00edsico y emocional (golpes y amenazas por parte de su padre) y un total abandono por parte de las figuras adultas, situaciones que lo privan&nbsp;de&nbsp;cubrir&nbsp;la&nbsp;<strong>necesidad biol\u00f3gica<\/strong>&nbsp;<strong>de contacto y afecto<\/strong><strong>,&nbsp;<\/strong>aspectos que son&nbsp;indispensables&nbsp;para un sano desarrollo.&nbsp;<\/p>\n\n\n\n<p>Relacionado a&nbsp;lo anterior,&nbsp;Teresa&nbsp;Garc\u00eda (2017),&nbsp;menciona que&nbsp;las&nbsp;infancias&nbsp;necesitan&nbsp;figuras de apego que les hagan&nbsp;sentirse seguras,&nbsp;protegidas&nbsp;y&nbsp;les&nbsp;ayuden a&nbsp;entender el mundo que les rodea&nbsp;para&nbsp;tener una&nbsp;estructura s\u00f3lida y predecible,&nbsp;pero&nbsp;\u00bfqu\u00e9 pasa si estas&nbsp;figuras&nbsp;que tendr\u00edan que protegerles representan una amenaza?&nbsp;Bueno, lo que&nbsp;pasa es&nbsp;que&nbsp;el&nbsp;cerebro termina funcionando de una forma desorganizada, generando&nbsp;altos niveles de&nbsp;cortisol (hormona del estr\u00e9s) provocando&nbsp;impactos negativos&nbsp;duraderos&nbsp;en el desarrollo cerebral&nbsp;e&nbsp;inhibiendo el desarrollo sano,&nbsp;y&nbsp;eso,&nbsp;probablemente,&nbsp;nos ayude a entender&nbsp;por&nbsp;qu\u00e9 Zain decidi\u00f3 hacer lo que hizo como su \u00fanica salida.&nbsp;<\/p>\n\n\n<div class=\"wp-block-image\">\n<figure class=\"alignleft size-full is-resized\"><img decoding=\"async\" loading=\"lazy\" src=\"https:\/\/azomalli.com\/blog\/wp-content\/uploads\/2023\/06\/peluche-1.png\" alt=\"\" class=\"wp-image-90\" width=\"362\" height=\"241\" srcset=\"https:\/\/azomalli.com\/blog\/wp-content\/uploads\/2023\/06\/peluche-1.png 800w, https:\/\/azomalli.com\/blog\/wp-content\/uploads\/2023\/06\/peluche-1-300x200.png 300w, https:\/\/azomalli.com\/blog\/wp-content\/uploads\/2023\/06\/peluche-1-768x512.png 768w\" sizes=\"(max-width: 362px) 100vw, 362px\" \/><\/figure><\/div>\n\n\n<p>Y es que, creo que una parte dif\u00edcil del filme es&nbsp;aceptar&nbsp;que la historia de Zain se repite en cualquier lugar del mundo, condenando,&nbsp;en muchos casos,&nbsp;la vida de quienes&nbsp;sufren maltrato, ya que, la literatura nos dice&nbsp;que&nbsp;las infancias&nbsp;que fueron abusadas&nbsp;pueden tener consecuencias negativas a largo plazo, como problemas sociales y conductuales, efectos patol\u00f3gicos en el sistema nervioso central y efectos psiqui\u00e1tricos&nbsp;(Forero, 2010).<\/p>\n\n\n\n<p>Pero&nbsp;calma, no todo en la pel\u00edcula es tristeza e impotencia, tambi\u00e9n hay algunas&nbsp;chispas de&nbsp;humanidad y&nbsp;ejemplos muy claros de&nbsp;resiliencia,&nbsp;supervivencia, empat\u00eda y ternura&nbsp;en donde&nbsp;Zain&nbsp;muestra&nbsp;una incre\u00edble determinaci\u00f3n para superar las dificultades y encontrar formas de protegerse y proteger a otros.<\/p>\n\n\n\n<p>Estoy segura&nbsp;de que&nbsp;esta pel\u00edcula no te dejar\u00e1 indiferente.&nbsp;Tal vez despu\u00e9s de verla&nbsp;te encuentres reflexionando sobre&nbsp;la importancia de&nbsp;seguir creando&nbsp;entornos seguros y amorosos para&nbsp;las infancias.<\/p>\n\n\n\n<figure class=\"wp-block-image size-large\"><img decoding=\"async\" loading=\"lazy\" width=\"1024\" height=\"683\" src=\"https:\/\/azomalli.com\/blog\/wp-content\/uploads\/2023\/06\/WhatsApp-Image-2023-06-20-at-12.08.42-AM-1024x683.jpeg\" alt=\"\" class=\"wp-image-88\" srcset=\"https:\/\/azomalli.com\/blog\/wp-content\/uploads\/2023\/06\/WhatsApp-Image-2023-06-20-at-12.08.42-AM-1024x683.jpeg 1024w, https:\/\/azomalli.com\/blog\/wp-content\/uploads\/2023\/06\/WhatsApp-Image-2023-06-20-at-12.08.42-AM-300x200.jpeg 300w, https:\/\/azomalli.com\/blog\/wp-content\/uploads\/2023\/06\/WhatsApp-Image-2023-06-20-at-12.08.42-AM-768x512.jpeg 768w, https:\/\/azomalli.com\/blog\/wp-content\/uploads\/2023\/06\/WhatsApp-Image-2023-06-20-at-12.08.42-AM.jpeg 1125w\" sizes=\"(max-width: 1024px) 100vw, 1024px\" \/><\/figure>\n\n\n\n<p><\/p>\n\n\n\n<p><\/p>\n\n\n\n<p><\/p>\n\n\n\n<p class=\"has-text-align-right\"><strong>Lic. Edith Garc\u00eda Jacobo<\/strong><\/p>\n\n\n\n<p class=\"has-text-align-right\">Lic. en Psicolog\u00eda<br>C\u00e9dula Profesional:&nbsp;8133498<\/p>\n\n\n\n<p class=\"has-text-align-right\">Junio 2023<\/p>\n","protected":false},"excerpt":{"rendered":"<p>Recuerdo aquella primera vez que vi la pel\u00edcula&nbsp;\u201cCafarna\u00fam\u201d. En la butaca de la izquierda estaba&#8230;<\/p>\n","protected":false},"author":1,"featured_media":92,"comment_status":"open","ping_status":"open","sticky":false,"template":"","format":"standard","meta":[],"categories":[9],"tags":[4,7,8,6],"_links":{"self":[{"href":"https:\/\/azomalli.com\/blog\/wp-json\/wp\/v2\/posts\/83"}],"collection":[{"href":"https:\/\/azomalli.com\/blog\/wp-json\/wp\/v2\/posts"}],"about":[{"href":"https:\/\/azomalli.com\/blog\/wp-json\/wp\/v2\/types\/post"}],"author":[{"embeddable":true,"href":"https:\/\/azomalli.com\/blog\/wp-json\/wp\/v2\/users\/1"}],"replies":[{"embeddable":true,"href":"https:\/\/azomalli.com\/blog\/wp-json\/wp\/v2\/comments?post=83"}],"version-history":[{"count":4,"href":"https:\/\/azomalli.com\/blog\/wp-json\/wp\/v2\/posts\/83\/revisions"}],"predecessor-version":[{"id":165,"href":"https:\/\/azomalli.com\/blog\/wp-json\/wp\/v2\/posts\/83\/revisions\/165"}],"wp:featuredmedia":[{"embeddable":true,"href":"https:\/\/azomalli.com\/blog\/wp-json\/wp\/v2\/media\/92"}],"wp:attachment":[{"href":"https:\/\/azomalli.com\/blog\/wp-json\/wp\/v2\/media?parent=83"}],"wp:term":[{"taxonomy":"category","embeddable":true,"href":"https:\/\/azomalli.com\/blog\/wp-json\/wp\/v2\/categories?post=83"},{"taxonomy":"post_tag","embeddable":true,"href":"https:\/\/azomalli.com\/blog\/wp-json\/wp\/v2\/tags?post=83"}],"curies":[{"name":"wp","href":"https:\/\/api.w.org\/{rel}","templated":true}]}}