{"id":152,"date":"2023-10-18T10:00:00","date_gmt":"2023-10-18T10:00:00","guid":{"rendered":"https:\/\/azomalli.com\/blog\/?p=152"},"modified":"2023-10-17T06:45:34","modified_gmt":"2023-10-17T06:45:34","slug":"ya-no-me-quiere-contar-nada-y-todo-el-tiempo-esta-de-malas","status":"publish","type":"post","link":"https:\/\/azomalli.com\/blog\/2023\/10\/18\/ya-no-me-quiere-contar-nada-y-todo-el-tiempo-esta-de-malas\/","title":{"rendered":"Ya no me quiere contar nada y todo el tiempo est\u00e1 de malas"},"content":{"rendered":"\n<p>Cuando comenc\u00e9 mi adolescencia, recuerdo empezar a vestirme diferente y a veces no me importaba si a los otros les gustaba o no, tambi\u00e9n comenc\u00e9 a reservar mis ideas y sentimientos, entonces ya no platicaba con mis pap\u00e1s de lo que me pasaba y a veces solo quer\u00eda estar sola en mi cuarto. Hab\u00eda momentos donde me sent\u00eda contenta, otros donde estaba muy molesta o triste, todo el tiempo mi humor estaba cambiando. Comenc\u00e9 a ver cosas de mis pap\u00e1s que ya no me gustaban o tradiciones que quer\u00edan que yo siguiera como cuando era peque\u00f1a, como reuniones familiares, ir a la iglesia, ir a la casa de la abuela y sent\u00eda que ya estaba harta de eso. Mis pap\u00e1s se quejaban todo el tiempo de m\u00ed. \u00bfLes es familiar? \u00bfPor qu\u00e9 pasa esto?<\/p>\n\n\n<div class=\"wp-block-image\">\n<figure class=\"alignright size-large is-resized\"><img decoding=\"async\" loading=\"lazy\" src=\"https:\/\/azomalli.com\/blog\/wp-content\/uploads\/2023\/10\/arraigo-2-ana-1024x683.jpeg\" alt=\"\" class=\"wp-image-153\" width=\"561\" height=\"374\" srcset=\"https:\/\/azomalli.com\/blog\/wp-content\/uploads\/2023\/10\/arraigo-2-ana-1024x683.jpeg 1024w, https:\/\/azomalli.com\/blog\/wp-content\/uploads\/2023\/10\/arraigo-2-ana-300x200.jpeg 300w, https:\/\/azomalli.com\/blog\/wp-content\/uploads\/2023\/10\/arraigo-2-ana-768x512.jpeg 768w, https:\/\/azomalli.com\/blog\/wp-content\/uploads\/2023\/10\/arraigo-2-ana.jpeg 1125w\" sizes=\"(max-width: 561px) 100vw, 561px\" \/><\/figure><\/div>\n\n\n<p>Hay un aspecto importante en la adolescencia temprana (10-14 a\u00f1os) llamada DESARRAIGO, donde los chicos y chicas buscan identificarse consigo mismos y diferenciarse de su ambiente, principalmente familiar, por lo que necesitan empezar a marcar fronteras, l\u00edmites. Aunado a esto, tambi\u00e9n los cambios endocrin\u00f3logos y fisiol\u00f3gicos se viven de una manera m\u00e1s intensa. Para algunos esto se vivir\u00e1 de una forma m\u00e1s p\u00fablica y para otros m\u00e1s privada y unos m\u00e1s, encubierta.<\/p>\n\n\n\n<p>En la b\u00fasqueda de sentirse genuinos y diferentes, tienen que ampliar su panorama haciendo cambios dr\u00e1sticos: maquill\u00e1ndose, pein\u00e1ndose y visti\u00e9ndose acorde a una moda o grupo social, plantearse nuevos intereses(los musicales son los m\u00e1s evidentes) y mostrar territorialidad en su espacio personal (Ay nanita, si entras sin avisar). Y a pesar de todo esto y la intensidad emocional impl\u00edcita, a\u00fan no desarrollan el lenguaje para descubrir y exponer su mundo interno, por lo que a los adolescentes en esta etapa les gusta hablar de todos menos de ellos.<\/p>\n\n\n\n<p>(McConville, 2006) . Si toca expresar algo de s\u00ed mismos se bloquean, muchas veces son incapaces de tomar responsabilidad en lo que les toca y lo ponen en los otros \u00bfY a qui\u00e9n creen que se culpa? Por supuesto, a los padres, maestros y conocidos.<\/p>\n\n\n<div class=\"wp-block-image\">\n<figure class=\"alignleft size-large is-resized\"><img decoding=\"async\" loading=\"lazy\" src=\"https:\/\/azomalli.com\/blog\/wp-content\/uploads\/2023\/10\/arraigo-3-ana-1024x577.jpeg\" alt=\"\" class=\"wp-image-154\" width=\"565\" height=\"318\" srcset=\"https:\/\/azomalli.com\/blog\/wp-content\/uploads\/2023\/10\/arraigo-3-ana-1024x577.jpeg 1024w, https:\/\/azomalli.com\/blog\/wp-content\/uploads\/2023\/10\/arraigo-3-ana-300x169.jpeg 300w, https:\/\/azomalli.com\/blog\/wp-content\/uploads\/2023\/10\/arraigo-3-ana-768x433.jpeg 768w, https:\/\/azomalli.com\/blog\/wp-content\/uploads\/2023\/10\/arraigo-3-ana.jpeg 1260w\" sizes=\"(max-width: 565px) 100vw, 565px\" \/><\/figure><\/div>\n\n\n<p>Es com\u00fan que en esta b\u00fasqueda tambi\u00e9n se muevan al lado polar de h\u00e1bitos, actitudes o conductas que le fueron ense\u00f1ando en su ni\u00f1ez. Por ejemplo, si antes era muy estudioso, hoy quiz\u00e1 ya no le dedique tanto tiempo a las labores escolares porque ahora su prioridad es convivir con sus pares.<\/p>\n\n\n\n<p>No es ley que el inicio de la adolescencia sea a una edad espec\u00edfica. Cada quien tiene su ritmo. La ocurrencia del desarraigo, s\u00ed, duele, causa disgustos y sinsabores pero es completamente normal y muy necesaria para tener adultos saludables.<\/p>\n\n\n\n<p>\u00bfY TU PAP\u00c1 Y MAM\u00c1, SE ACUERDAD DE C\u00d3MO ERAS EN TU ADOLESCENCIA?<\/p>\n\n\n\n<p>\u00bfTE ACUERDAD DE COMO TE VEST\u00cdAS?<\/p>\n\n\n\n<p>\u00bfC\u00d3MO TE SENT\u00cdAS CON TUS CAMIOS CORPORALES?<\/p>\n\n\n\n<p>\u00bfLE ECHABAS LA CULPA A OTROS DE LO QUE TE SUCED\u00cdA?<\/p>\n\n\n\n<p><\/p>\n\n\n\n<p class=\"has-text-align-right\"><strong>Ana Laura L\u00f3pez<\/strong><\/p>\n\n\n\n<p class=\"has-text-align-right\">Lic. En Psicolog\u00eda<br>C\u00e9dula Profesional: 11845501<\/p>\n\n\n\n<p class=\"has-text-align-right\">Octubre de 2023<\/p>\n\n\n\n<hr class=\"wp-block-separator has-alpha-channel-opacity\"\/>\n\n\n\n<p>Bibliograf\u00eda<br>McConville, M. (2006). Adolescencia: el self emergente y la psicoterapia. Libros del CTP.<\/p>\n","protected":false},"excerpt":{"rendered":"<p>Cuando comenc\u00e9 mi adolescencia, recuerdo empezar a vestirme diferente y a veces no me importaba&#8230;<\/p>\n","protected":false},"author":1,"featured_media":155,"comment_status":"open","ping_status":"open","sticky":false,"template":"","format":"standard","meta":[],"categories":[19,1,10],"tags":[11,14,18,7],"_links":{"self":[{"href":"https:\/\/azomalli.com\/blog\/wp-json\/wp\/v2\/posts\/152"}],"collection":[{"href":"https:\/\/azomalli.com\/blog\/wp-json\/wp\/v2\/posts"}],"about":[{"href":"https:\/\/azomalli.com\/blog\/wp-json\/wp\/v2\/types\/post"}],"author":[{"embeddable":true,"href":"https:\/\/azomalli.com\/blog\/wp-json\/wp\/v2\/users\/1"}],"replies":[{"embeddable":true,"href":"https:\/\/azomalli.com\/blog\/wp-json\/wp\/v2\/comments?post=152"}],"version-history":[{"count":1,"href":"https:\/\/azomalli.com\/blog\/wp-json\/wp\/v2\/posts\/152\/revisions"}],"predecessor-version":[{"id":156,"href":"https:\/\/azomalli.com\/blog\/wp-json\/wp\/v2\/posts\/152\/revisions\/156"}],"wp:featuredmedia":[{"embeddable":true,"href":"https:\/\/azomalli.com\/blog\/wp-json\/wp\/v2\/media\/155"}],"wp:attachment":[{"href":"https:\/\/azomalli.com\/blog\/wp-json\/wp\/v2\/media?parent=152"}],"wp:term":[{"taxonomy":"category","embeddable":true,"href":"https:\/\/azomalli.com\/blog\/wp-json\/wp\/v2\/categories?post=152"},{"taxonomy":"post_tag","embeddable":true,"href":"https:\/\/azomalli.com\/blog\/wp-json\/wp\/v2\/tags?post=152"}],"curies":[{"name":"wp","href":"https:\/\/api.w.org\/{rel}","templated":true}]}}