{"id":112,"date":"2023-07-06T04:17:58","date_gmt":"2023-07-06T04:17:58","guid":{"rendered":"https:\/\/azomalli.com\/blog\/?p=112"},"modified":"2023-10-17T07:03:04","modified_gmt":"2023-10-17T07:03:04","slug":"hebene-mesque-perede-le-pered","status":"publish","type":"post","link":"https:\/\/azomalli.com\/blog\/2023\/07\/06\/hebene-mesque-perede-le-pered\/","title":{"rendered":"\u201cHebene mesque perede le pered\u201d"},"content":{"rendered":"\n<p>Fue en el 2019 que me encontr\u00e9 revuelta entre palabras con @, x y e; todo me sonaba como el juego \u201chebene mesque perede le pered\u201d (Hab\u00eda una mosca parada en la pared). En particular, me preguntaba cu\u00e1l pod\u00eda ser la utilidad de prestar tanta atenci\u00f3n al lenguaje cotidiano -desde mi perspectiva en ese entonces- incipiente. Precisamente la pregunta sigue siendo importante: \u00bfCu\u00e1l era la raz\u00f3n para una necesidad incluyente?<\/p>\n\n\n\n<p>En M\u00e9xico, de acuerdo con CONAPRED (Consejo Nacional para Prevenir la Discriminaci\u00f3n), se les considera grupos en situaci\u00f3n de discriminaci\u00f3n a: personas de la tercera edad, personas afrodescendientes, personas de pueblos ind\u00edgenas, mujeres, infancias, personas con discapacidad, personas de la comunidad LGBTTQ+, entre otros grupos.<\/p>\n\n\n\n<p>Con lo anterior, adem\u00e1s de sentir frustraci\u00f3n y tristeza, comprend\u00ed que la discriminaci\u00f3n vulnera directamente la vida de cientos de miles de personas cotidianamente. En este sentido \u00bfCu\u00e1l podr\u00eda ser el papel del lenguaje?<\/p>\n\n\n\n<p>Pensemos en Mart\u00edn, tiene 9 a\u00f1os y disfruta de cantar, pintar y armar robots. Sus calificaciones son buenas, tiene varias amistades y las personas a su alrededor resaltan que su sentido del humor alegra a cualquiera. Pero, en su escuela le conocen como el de la silla de ruedas, el que tiene discapacidad, el de 4to con par\u00e1lisis cerebral. O en Diana, a quien por estar casada con Bernardo le reconocen desde hace 10 a\u00f1os como la mujer de Bernardo. Tambi\u00e9n podemos encontrar historias como la de Jos\u00e9, es herrero y padre de familia; tuvo que abandonar su hogar y todo lo que conoc\u00eda porque una banda criminal amenaza con hacerle da\u00f1o a \u00e9l y a su familia. Por lo que ahora camina en un pa\u00eds extranjero y le llaman el inmigrante, el venezolano.<\/p>\n\n\n\n<p>\u00bfAcaso est\u00e1 mal nombrar la discapacidad de Mart\u00edn o el contexto migrante de Jos\u00e9? No, ambos son una realidad. Sin embargo, en ninguna de las expresiones anteriores se menciona que es una persona; sin mencionar el tono despectivo o excluyente de las mismas. As\u00ed pues, antes de que Martin tenga discapacidad es una persona, antes de que Diana sea la que est\u00e1 casada con otra persona tiene un nombre.<\/p>\n\n\n\n<p>Son los grupos vulnerables quienes reciben adjetivos minimizados o devaluadores. En el caso de la discapacidad escuchamos \u201cla cieguita\u201d; con la orientaci\u00f3n sexual o la identidad sexual y\/o de g\u00e9nero escuchamos \u201cel invertido\u201d; a las mujeres suelen decirles \u201cse\u00f1orita\u201d cuando a sus colegas les llaman \u201carquitecto, doctor\u201d; y un largo etc.<\/p>\n\n\n\n<p>La idea de contemplar el lenguaje como una lucha por la igualdad comenz\u00f3 en los a\u00f1os 70, casi exclusivamente en grupos de mujeres feministas. La inconformidad comienza con la conciencia de que la mujer es un miembro activo de la sociedad y de la raza humana. A\u00fan es com\u00fan encontrar textos de suma relevancia para la historia del pensamiento titulados con \u201cEl hombre\u2026\u201d en alusi\u00f3n a la raza humana.<\/p>\n\n\n\n<p>Es verdad que en el idioma Espa\u00f1ol el masculino gen\u00e9rico fue una soluci\u00f3n ling\u00fc\u00edstica sencilla por un tiempo; sin embargo, actualmente esa soluci\u00f3n promueve el androcentrismo y la discriminaci\u00f3n sistem\u00e1tica de grupos vulnerables.<\/p>\n\n\n\n<p>Probablemente se pregunten si la manera correcta de hablar ser\u00e1 el hebene mesque perede le pered. Afortunadamente no. La CNDH (Comisi\u00f3n Nacional por los Derechos Humanos) se propuso elaborar una gu\u00eda titulada Lenguaje Incluyente y No Sexista (LINS) y la puso a disposici\u00f3n de todas las personas que deseen consultarla en su sitio web. Ah\u00ed encontr\u00e9 unos tips buen\u00edsimos:<\/p>\n\n\n\n<ul>\n<li>Desdoblamiento y uso alternado.<\/li>\n\n\n\n<li>Sustituci\u00f3n de colectivos.<\/li>\n\n\n\n<li>Nombres abstractos.<\/li>\n\n\n\n<li>Omisi\u00f3n de sujeto.<\/li>\n<\/ul>\n\n\n\n<p>\u00bfY el famoso pronombre \u201cles\u201d? \u00bfSe usa o no se usa? Pues depende. Para las personas cis hetero no es necesario; o sea las personas que nacieron con un sexo (hombre o mujer) y su identidad sexual y de g\u00e9nero corresponden entre s\u00ed. Sin embargo, para algunas personas de la comunidad LGBTTQ+ puede ser necesario cuando su identidad sexual y\/o de g\u00e9nero no es cis o son personas intersexuales. \u00bfC\u00f3mo saber? Preguntar puede ser una cortes\u00eda.<\/p>\n\n\n\n<p>Despu\u00e9s de navegar profundo en la informaci\u00f3n que diversas instituciones comparten de manera libre y gratuita, conclu\u00ed que nombrar algo es reparar en su existencia y asignarle una categor\u00eda. Adem\u00e1s, los nombres y las formas de expresi\u00f3n son un reflejo cultural; de c\u00f3mo habitan tales o cuales personas, situaciones, cosas en nuestras mentes. Ah\u00ed, justo ah\u00ed, est\u00e1 la importancia de prestar atenci\u00f3n a nuestro lenguaje cotidiano. Porque a trav\u00e9s del nombrar perpetuamos, transformamos, crecemos, devaluamos, excluimos o incluimos. Por lo tanto, nombrar es ocupar un espacio y todas las personas tenemos derecho a un espacio dignificante y con garant\u00eda de derechos.<\/p>\n\n\n\n<figure class=\"wp-block-image size-large\"><img decoding=\"async\" loading=\"lazy\" width=\"529\" height=\"1024\" src=\"https:\/\/azomalli.com\/blog\/wp-content\/uploads\/2023\/07\/2-529x1024.jpg\" alt=\"\" class=\"wp-image-113\" srcset=\"https:\/\/azomalli.com\/blog\/wp-content\/uploads\/2023\/07\/2-529x1024.jpg 529w, https:\/\/azomalli.com\/blog\/wp-content\/uploads\/2023\/07\/2-155x300.jpg 155w, https:\/\/azomalli.com\/blog\/wp-content\/uploads\/2023\/07\/2-768x1488.jpg 768w, https:\/\/azomalli.com\/blog\/wp-content\/uploads\/2023\/07\/2-793x1536.jpg 793w, https:\/\/azomalli.com\/blog\/wp-content\/uploads\/2023\/07\/2.jpg 799w\" sizes=\"(max-width: 529px) 100vw, 529px\" \/><\/figure>\n\n\n\n<p class=\"has-text-align-right\"><strong>Lic. Mariana Garc\u00eda Molina<\/strong><\/p>\n\n\n\n<p class=\"has-text-align-right\">Lic. en Psicolog\u00eda<br>C\u00e9dula Profesional: 13119821<\/p>\n\n\n\n<p class=\"has-text-align-right\">Junio de 2023<\/p>\n\n\n\n<hr class=\"wp-block-separator has-alpha-channel-opacity\"\/>\n\n\n\n<p>Referencias<br>https:\/\/utig.cndh.org.mx\/Content\/Files\/sec04_B\/sec04_B01\/LINS\/00_por-que-usar-LINS.pdf<\/p>\n","protected":false},"excerpt":{"rendered":"<p>Fue en el 2019 que me encontr\u00e9 revuelta entre palabras con @, x y e;&#8230;<\/p>\n","protected":false},"author":1,"featured_media":114,"comment_status":"open","ping_status":"open","sticky":false,"template":"","format":"standard","meta":[],"categories":[1,15],"tags":[16,18,17,7],"_links":{"self":[{"href":"https:\/\/azomalli.com\/blog\/wp-json\/wp\/v2\/posts\/112"}],"collection":[{"href":"https:\/\/azomalli.com\/blog\/wp-json\/wp\/v2\/posts"}],"about":[{"href":"https:\/\/azomalli.com\/blog\/wp-json\/wp\/v2\/types\/post"}],"author":[{"embeddable":true,"href":"https:\/\/azomalli.com\/blog\/wp-json\/wp\/v2\/users\/1"}],"replies":[{"embeddable":true,"href":"https:\/\/azomalli.com\/blog\/wp-json\/wp\/v2\/comments?post=112"}],"version-history":[{"count":3,"href":"https:\/\/azomalli.com\/blog\/wp-json\/wp\/v2\/posts\/112\/revisions"}],"predecessor-version":[{"id":163,"href":"https:\/\/azomalli.com\/blog\/wp-json\/wp\/v2\/posts\/112\/revisions\/163"}],"wp:featuredmedia":[{"embeddable":true,"href":"https:\/\/azomalli.com\/blog\/wp-json\/wp\/v2\/media\/114"}],"wp:attachment":[{"href":"https:\/\/azomalli.com\/blog\/wp-json\/wp\/v2\/media?parent=112"}],"wp:term":[{"taxonomy":"category","embeddable":true,"href":"https:\/\/azomalli.com\/blog\/wp-json\/wp\/v2\/categories?post=112"},{"taxonomy":"post_tag","embeddable":true,"href":"https:\/\/azomalli.com\/blog\/wp-json\/wp\/v2\/tags?post=112"}],"curies":[{"name":"wp","href":"https:\/\/api.w.org\/{rel}","templated":true}]}}